{"id":15408,"date":"2021-01-25T10:29:24","date_gmt":"2021-01-25T16:29:24","guid":{"rendered":"https:\/\/critusa.org\/?p=15408"},"modified":"2021-04-06T09:43:47","modified_gmt":"2021-04-06T14:43:47","slug":"paralisis-cerebral","status":"publish","type":"post","link":"https:\/\/critusa.org\/es\/paralisis-cerebral\/","title":{"rendered":"Par\u00e1lisis Cerebral en ni\u00f1os"},"content":{"rendered":"\n<p>La <strong>Par\u00e1lisis Cerebral<\/strong> es un diagn\u00f3stico com\u00fan en ni\u00f1os para un grupo de condiciones que afectan su desarrollo motriz y, es el resultado de un da\u00f1o cerebral que ocurre antes o durante el nacimiento. Cada ni\u00f1o diagnosticado con par\u00e1lisis cerebral presenta diferentes discapacidades. Algunos pueden caminar con un dispositivo de ayuda (como un andador o muletas) o con ayuda de un equipo de adaptaci\u00f3n para completar sus actividades de la vida diaria de manera independiente. Otros pueden usar una silla de ruedas o requerir el uso de un dispositivo de comunicaci\u00f3n aumentativa\/alternativa (AAC).\u00a0<\/p>\n\n\n\n<p>Aproximadamente 1 de cada 123 ni\u00f1os recibe un diagn\u00f3stico de par\u00e1lisis cerebral, de los cuales entre el 75% y 85% de los diagnosticados tienen \u00abPar\u00e1lisis Cerebral Esp\u00e1stica\u00bb, lo que significa que algunos de sus principales grupos musculares tienden a estar tensos (como los pectorales o los isquiotibiales). Con el tiempo, esto puede resultar en dificultades para mantener la postura o para alcanzar diferentes posiciones. Puede afectar los m\u00fasculos de la mu\u00f1eca\/mano, necesarios para el agarre funcional (afectando su capacidad para arreglarse, vestirse o comer), as\u00ed como los m\u00fasculos de la boca\/garganta (afectando su capacidad para tragar o hablar). Otras clasificaciones de par\u00e1lisis cerebral son la atetoide, at\u00e1xica y mixta. Con la ayuda de terapia f\u00edsica, ocupacional y de lenguaje, los ni\u00f1os con esta condici\u00f3n pueden ser empoderados para alcanzar su m\u00e1ximo potencial funcional, promoviendo su plena inclusi\u00f3n en sus escuelas y comunidades.\u00a0<\/p>\n\n\n\n<p>Para m\u00e1s informaci\u00f3n, visita&nbsp;<a href=\"https:\/\/www.cdc.gov\/ncbddd\/cp\/features\/cerebral-palsy-11-things.html\" target=\"_blank\" rel=\"noreferrer noopener\">https:\/\/www.cdc.gov\/ncbddd\/cp\/features\/cerebral-palsy-11-things.html<\/a><\/p>\n","protected":false},"excerpt":{"rendered":"<p>La par\u00e1lisis cerebral es un diagn\u00f3stico com\u00fan en ni\u00f1os para un grupo de condiciones que afectan su desarrollo motriz y, es el resultado de un da\u00f1o cerebral que ocurre antes o durante el nacimiento.<\/p>\n","protected":false},"author":5,"featured_media":15411,"comment_status":"closed","ping_status":"open","sticky":false,"template":"","format":"standard","meta":{"pgc_sgb_lightbox_settings":"","footnotes":""},"categories":[11,5],"tags":[],"yst_prominent_words":[1683,1131,1126,1354,891],"acf":[],"_links":{"self":[{"href":"https:\/\/critusa.org\/es\/wp-json\/wp\/v2\/posts\/15408"}],"collection":[{"href":"https:\/\/critusa.org\/es\/wp-json\/wp\/v2\/posts"}],"about":[{"href":"https:\/\/critusa.org\/es\/wp-json\/wp\/v2\/types\/post"}],"author":[{"embeddable":true,"href":"https:\/\/critusa.org\/es\/wp-json\/wp\/v2\/users\/5"}],"replies":[{"embeddable":true,"href":"https:\/\/critusa.org\/es\/wp-json\/wp\/v2\/comments?post=15408"}],"version-history":[{"count":6,"href":"https:\/\/critusa.org\/es\/wp-json\/wp\/v2\/posts\/15408\/revisions"}],"predecessor-version":[{"id":15699,"href":"https:\/\/critusa.org\/es\/wp-json\/wp\/v2\/posts\/15408\/revisions\/15699"}],"wp:featuredmedia":[{"embeddable":true,"href":"https:\/\/critusa.org\/es\/wp-json\/wp\/v2\/media\/15411"}],"wp:attachment":[{"href":"https:\/\/critusa.org\/es\/wp-json\/wp\/v2\/media?parent=15408"}],"wp:term":[{"taxonomy":"category","embeddable":true,"href":"https:\/\/critusa.org\/es\/wp-json\/wp\/v2\/categories?post=15408"},{"taxonomy":"post_tag","embeddable":true,"href":"https:\/\/critusa.org\/es\/wp-json\/wp\/v2\/tags?post=15408"},{"taxonomy":"yst_prominent_words","embeddable":true,"href":"https:\/\/critusa.org\/es\/wp-json\/wp\/v2\/yst_prominent_words?post=15408"}],"curies":[{"name":"wp","href":"https:\/\/api.w.org\/{rel}","templated":true}]}}