{"id":19767,"date":"2022-11-10T15:54:57","date_gmt":"2022-11-10T21:54:57","guid":{"rendered":"https:\/\/critusa.org\/?p=19767"},"modified":"2022-11-11T18:33:31","modified_gmt":"2022-11-12T00:33:31","slug":"vix-lanza-en-sus-palabras","status":"publish","type":"post","link":"https:\/\/critusa.org\/es\/vix-lanza-en-sus-palabras\/","title":{"rendered":"ViX lanza &ldquo;En Sus Palabras: Rumbo a TeletonUSA&rdquo;"},"content":{"rendered":"\n<p>En preparaci\u00f3n para la celebraci\u00f3n del d\u00e9cimo aniversario de Fundaci\u00f3n TeletonUSA, ViX, plataforma de&nbsp;<em>streaming<\/em>, ha lanzado \u00abEn Sus Palabras: Rumbo a TeletonUSA\u00bb. La tercera temporada del programa, es presentada por Maity Interiano y muestra las inspiradoras historias de los l\u00edderes, voluntarios y personas que han sido piezas fundamentales de la causa. Estas entrevistas documentan la historia de la Fundaci\u00f3n, sus historias de \u00e9xito, desaf\u00edos y planes para el futuro.<\/p>\n\n\n\n<p>Cada episodio detalla las historias de estrellas como Don Francisco, Galilea Montijo, Karla Mart\u00ednez, Alan Tacher, Ra\u00fal Gonz\u00e1lez, El Dasa, Leslie Grace, Joss Favela, Borja Voces y Rafael Araneda.<\/p>\n\n\n\n<p>As\u00ed como personalidades de la organizaci\u00f3n como Federica Soriano, Directora General del Centro de Rehabilitaci\u00f3n Infantil TeletonUSA (CRIT), Fernando Landeros, Presidente de Fundaci\u00f3n TeletonUSA, Denilson, primer paciente del CRIT, y Alma y Danny, voluntarios del CRIT.&nbsp;<\/p>\n\n\n\n<p>Los 11 episodios de \u00abEn Sus Palabras: Rumbo a TeletonUSA\u00bb est\u00e1n disponibles en ViX. No te pierdas el Evento TeletonUSA 2022 el s\u00e1bado 17 de diciembre por Univision, Galavisi\u00f3n y ViX a partir de las 10 AM \/ 9 C \/ 7 PT. TeletonUSA, \u00a110 a\u00f1os juntos!<\/p>\n\n\n\n<p><a href=\"https:\/\/vix.com\/es-es\/detail\/series-3168\">Haz clic aqu\u00ed<\/a> para ver \u00abEn Sus Palabras: Rumbo a TeletonUSA\u00bb.<\/p>\n","protected":false},"excerpt":{"rendered":"<p>La tercera temporada del programa, es presentada por Maity Interiano y muestra las inspiradoras historias de los l\u00edderes, voluntarios y personas que han sido piezas fundamentales de la causa.<\/p>\n","protected":false},"author":5,"featured_media":19768,"comment_status":"closed","ping_status":"open","sticky":false,"template":"","format":"standard","meta":{"pgc_sgb_lightbox_settings":"","footnotes":""},"categories":[9,11],"tags":[],"yst_prominent_words":[15,43,249,16,117,1005],"acf":[],"_links":{"self":[{"href":"https:\/\/critusa.org\/es\/wp-json\/wp\/v2\/posts\/19767"}],"collection":[{"href":"https:\/\/critusa.org\/es\/wp-json\/wp\/v2\/posts"}],"about":[{"href":"https:\/\/critusa.org\/es\/wp-json\/wp\/v2\/types\/post"}],"author":[{"embeddable":true,"href":"https:\/\/critusa.org\/es\/wp-json\/wp\/v2\/users\/5"}],"replies":[{"embeddable":true,"href":"https:\/\/critusa.org\/es\/wp-json\/wp\/v2\/comments?post=19767"}],"version-history":[{"count":5,"href":"https:\/\/critusa.org\/es\/wp-json\/wp\/v2\/posts\/19767\/revisions"}],"predecessor-version":[{"id":19775,"href":"https:\/\/critusa.org\/es\/wp-json\/wp\/v2\/posts\/19767\/revisions\/19775"}],"wp:featuredmedia":[{"embeddable":true,"href":"https:\/\/critusa.org\/es\/wp-json\/wp\/v2\/media\/19768"}],"wp:attachment":[{"href":"https:\/\/critusa.org\/es\/wp-json\/wp\/v2\/media?parent=19767"}],"wp:term":[{"taxonomy":"category","embeddable":true,"href":"https:\/\/critusa.org\/es\/wp-json\/wp\/v2\/categories?post=19767"},{"taxonomy":"post_tag","embeddable":true,"href":"https:\/\/critusa.org\/es\/wp-json\/wp\/v2\/tags?post=19767"},{"taxonomy":"yst_prominent_words","embeddable":true,"href":"https:\/\/critusa.org\/es\/wp-json\/wp\/v2\/yst_prominent_words?post=19767"}],"curies":[{"name":"wp","href":"https:\/\/api.w.org\/{rel}","templated":true}]}}