{"id":20047,"date":"2023-01-24T12:33:19","date_gmt":"2023-01-24T18:33:19","guid":{"rendered":"https:\/\/critusa.org\/?p=20047"},"modified":"2023-01-24T12:43:20","modified_gmt":"2023-01-24T18:43:20","slug":"la-importancia-de-la-educacion","status":"publish","type":"post","link":"https:\/\/critusa.org\/es\/la-importancia-de-la-educacion\/","title":{"rendered":"La importancia de la educaci\u00f3n"},"content":{"rendered":"\n<p>El 24 de enero es el D\u00eda Internacional de la Educaci\u00f3n. Este d\u00eda se celebra el papel de la educaci\u00f3n para promover la paz y el desarrollo.<\/p>\n\n\n\n<p>La educaci\u00f3n es una herramienta fundamental para tener acceso a otros derechos y un camino importante para construir un mejor futuro. La educaci\u00f3n es una puerta para la participaci\u00f3n de todas las personas. Es por esto que todas las ni\u00f1as y ni\u00f1os tienen derecho a la educaci\u00f3n y los gobiernos tienen el compromiso de otorgar educaci\u00f3n p\u00fablica de calidad, inclusiva y equitativa.<\/p>\n\n\n\n<h2 class=\"wp-block-heading\"><strong>La educaci\u00f3n y la discapacidad<\/strong><\/h2>\n\n\n\n<p>De acuerdo con el reporte de UNICEF titulado\u00a0<a href=\"https:\/\/data.unicef.org\/resources\/children-with-disabilities-report-2021\/\">\u201cSer vistos, ser contados y ser incluidos\u201d<\/a>, aunque las personas con discapacidad tienen derecho a la educaci\u00f3n, es com\u00fan que encuentren barreras para acceder a ella en igualdad de condiciones que el resto de las personas.<\/p>\n\n\n\n<p>En el mundo, hay m\u00e1s de 240 millones de ni\u00f1as y ni\u00f1os con discapacidad. Como ejemplo, te compartimos algunos datos duros en cuando a su educaci\u00f3n:<\/p>\n\n\n\n<ul><li>Menor probabilidad (42%) de tener conocimientos b\u00e1sicos de lectura, escritura y aritm\u00e9tica;<\/li><li>Mayor probabilidad (49%) de no haber asistido nunca a la escuela;<\/li><li>Mayor probabilidad (47%) de no asistir a la escuela primaria, un 33% de no asistir al primer ciclo de secundaria y un 27% de no asistir al segundo ciclo de secundaria;<\/li><li>Mayor probabilidad (51%) de sentirse infelices;<\/li><li>Mayor probabilidad (41%) de sentirse discriminados.<\/li><\/ul>\n\n\n\n<h2 class=\"wp-block-heading\"><strong>\u00bfQu\u00e9 puedes hacer t\u00fa?<\/strong><\/h2>\n\n\n\n<p>Las ni\u00f1as y los ni\u00f1os con discapacidad no deben ser las \u00fanicas personas luchando por la educaci\u00f3n inclusiva. A continuaci\u00f3n, te compartimos tres acciones para hacer de la educaci\u00f3n inclusiva una realidad:<\/p>\n\n\n\n<ol><li>Si tienes hijos, hijas o familiares con una o m\u00faltiples discapacidades, invol\u00facrate en su educaci\u00f3n. Si est\u00e1 en tus manos, ofr\u00e9celes apoyo en sus estudios.<\/li><li>\u00a1Elimina los estigmas! Habla con tus hijos sobre discriminaci\u00f3n y c\u00f3mo prevenirla.&nbsp;<\/li><li>\u00a1Pasa la voz! Mientras m\u00e1s personas estemos conscientes de los retos a los que se enfrentan las personas con discapacidad para recibir educaci\u00f3n inclusiva y de calidad, mayor presi\u00f3n podremos ejercer para cambiar esta situaci\u00f3n.<\/li><\/ol>\n","protected":false},"excerpt":{"rendered":"<p>El 24 de enero es el D\u00eda Internacional de la Educaci\u00f3n. Aunque las personas con discapacidad tienen derecho a la educaci\u00f3n, es com\u00fan que encuentren barreras para acceder a ella.<\/p>\n","protected":false},"author":5,"featured_media":20052,"comment_status":"closed","ping_status":"open","sticky":false,"template":"","format":"standard","meta":{"pgc_sgb_lightbox_settings":"","footnotes":""},"categories":[10,11],"tags":[],"yst_prominent_words":[486,288,22,19,872,1738,23],"acf":[],"_links":{"self":[{"href":"https:\/\/critusa.org\/es\/wp-json\/wp\/v2\/posts\/20047"}],"collection":[{"href":"https:\/\/critusa.org\/es\/wp-json\/wp\/v2\/posts"}],"about":[{"href":"https:\/\/critusa.org\/es\/wp-json\/wp\/v2\/types\/post"}],"author":[{"embeddable":true,"href":"https:\/\/critusa.org\/es\/wp-json\/wp\/v2\/users\/5"}],"replies":[{"embeddable":true,"href":"https:\/\/critusa.org\/es\/wp-json\/wp\/v2\/comments?post=20047"}],"version-history":[{"count":5,"href":"https:\/\/critusa.org\/es\/wp-json\/wp\/v2\/posts\/20047\/revisions"}],"predecessor-version":[{"id":20059,"href":"https:\/\/critusa.org\/es\/wp-json\/wp\/v2\/posts\/20047\/revisions\/20059"}],"wp:featuredmedia":[{"embeddable":true,"href":"https:\/\/critusa.org\/es\/wp-json\/wp\/v2\/media\/20052"}],"wp:attachment":[{"href":"https:\/\/critusa.org\/es\/wp-json\/wp\/v2\/media?parent=20047"}],"wp:term":[{"taxonomy":"category","embeddable":true,"href":"https:\/\/critusa.org\/es\/wp-json\/wp\/v2\/categories?post=20047"},{"taxonomy":"post_tag","embeddable":true,"href":"https:\/\/critusa.org\/es\/wp-json\/wp\/v2\/tags?post=20047"},{"taxonomy":"yst_prominent_words","embeddable":true,"href":"https:\/\/critusa.org\/es\/wp-json\/wp\/v2\/yst_prominent_words?post=20047"}],"curies":[{"name":"wp","href":"https:\/\/api.w.org\/{rel}","templated":true}]}}