{"id":20098,"date":"2023-01-26T11:45:25","date_gmt":"2023-01-26T17:45:25","guid":{"rendered":"https:\/\/critusa.org\/?p=20098"},"modified":"2023-01-26T11:48:48","modified_gmt":"2023-01-26T17:48:48","slug":"la-paralisis-cerebral-y-como-afecta-a-los-ninos","status":"publish","type":"post","link":"https:\/\/critusa.org\/es\/la-paralisis-cerebral-y-como-afecta-a-los-ninos\/","title":{"rendered":"La Par\u00e1lisis Cerebral y c\u00f3mo afecta a los ni\u00f1os"},"content":{"rendered":"\n<p>La par\u00e1lisis cerebral es un grupo de trastornos motores que afectan el movimiento corporal de una persona, as\u00ed como su tonicidad muscular y coordinaci\u00f3n. Solo en los Estados Unidos, miles de ni\u00f1os son afectados por esta condici\u00f3n. Seg\u00fan la CDC, aproximadamente <a href=\"https:\/\/www.cdc.gov\/ncbddd\/cp\/features\/cerebral-palsy-11-things.html#:~:text=Cerebral%20palsy%20(CP)%20is%20a,Disabilities%20Monitoring%20(ADDM)%20Network.\">1 de cada 345<\/a> ni\u00f1os tiene par\u00e1lisis cerebral. Este es <a href=\"https:\/\/www.cerebralpalsyguidance.com\/cerebral-palsy\/research\/facts-and-statistics\/#:~:text=Around%20764%2C000%20people%20in%20the,with%20cerebral%20palsy%20each%20year.\">uno de los trastornos infantiles m\u00e1s comunes<\/a> en los Estados Unidos.<\/p>\n\n\n\n<p>Los s\u00edntomas y gravedad de la par\u00e1lisis cerebral var\u00edan, pero el diagn\u00f3stico tiene un gran impacto en la vida del ni\u00f1o y su familia. Comprender la par\u00e1lisis cerebral puede ayudar a la familia y amigos a brindar el mejor cuidado y apoyo posible al ni\u00f1o.<\/p>\n\n\n\n<h2 class=\"wp-block-heading\"><strong>\u00bfQu\u00e9 causa la par\u00e1lisis cerebral?<\/strong><\/h2>\n\n\n\n<p>En la mayor\u00eda de los casos, la par\u00e1lisis cerebral es causada por un da\u00f1o cerebral que ocurre antes o despu\u00e9s de nacer (tambi\u00e9n se conoce como par\u00e1lisis cerebral cong\u00e9nita). En raras ocasiones, el desarrollo anormal del cerebro tambi\u00e9n puede causar par\u00e1lisis cerebral.<\/p>\n\n\n\n<p>La mayor\u00eda de los ni\u00f1os con par\u00e1lisis son diagnosticados durante los primeros dos a\u00f1os de vida, y en la mayor\u00eda de los casos, se desconoce la causa exacta. Sin embargo, hay varios factores de riesgo asociados con la par\u00e1lisis cerebral como:<\/p>\n\n\n\n<ul><li>Nacimiento prematuro<\/li><li>Haber nacido con peso bajo<\/li><li>Parto gemelar o m\u00faltiple<\/li><li>Haber sido concebido con la ayuda de tecnolog\u00eda reproductiva (como la fertilizaci\u00f3n in vitro)<\/li><li>Que la madre haya tenido una infecci\u00f3n durante el embarazo<\/li><li>Complicaciones durante el nacimiento (como complicaciones con la placenta o rupturas uterinas)<\/li><li>Negligencia m\u00e9dica durante el nacimiento<\/li><\/ul>\n\n\n\n<h2 class=\"wp-block-heading\"><strong>\u00bfA qui\u00e9n afecta la par\u00e1lisis cerebral?<\/strong><\/h2>\n\n\n\n<p>La par\u00e1lisis cerebral es una condici\u00f3n muy com\u00fan e invasiva. Solo en los Estados Unidos, <a href=\"https:\/\/www.cerebralpalsyguidance.com\/cerebral-palsy\/research\/facts-and-statistics\/#:~:text=Around%20764%2C000%20people%20in%20the,with%20cerebral%20palsy%20each%20year.\">aproximadamente 764,000 personas<\/a> han sido diagnosticadas con esta condici\u00f3n y alrededor de 10,000 beb\u00e9s nacen cada a\u00f1o con par\u00e1lisis cerebral.<\/p>\n\n\n\n<p>Seg\u00fan la CDC, esta condici\u00f3n <a href=\"https:\/\/www.cdc.gov\/ncbddd\/cp\/features\/cerebral-palsy-11-things.html#:~:text=Cerebral%20palsy%20(CP)%20is%20a,Disabilities%20Monitoring%20(ADDM)%20Network.\">se presenta con mayor frecuencia<\/a> en determinados grupos. Por ejemplo, la par\u00e1lisis cerebral se diagnostica con mayor frecuencia en ni\u00f1os afroamericanos que en ni\u00f1os blancos, y es m\u00e1s frecuente entre ni\u00f1os que entre ni\u00f1as.<\/p>\n\n\n\n<h2 class=\"wp-block-heading\"><strong>\u00bfCu\u00e1les son los s\u00edntomas de la par\u00e1lisis cerebral?<\/strong><\/h2>\n\n\n\n<p>La par\u00e1lisis cerebral tiene muchos s\u00edntomas, y estos var\u00edan de ni\u00f1o a ni\u00f1o. La mayor\u00eda de ellos afectan las habilidades motrices, desarrollo de lenguaje y habilidades sociales. Algunos de los s\u00edntomas m\u00e1s comunes son:<\/p>\n\n\n\n<ul><li>Mal equilibrio y coordinaci\u00f3n muscular<\/li><li>Espasticidad o rigidez muscular<\/li><li>Habilidades motoras deficientes<\/li><li>Dificultad para tragar<\/li><li>Retraso en el desarrollo del lenguaje<\/li><li>Problemas con las habilidades motoras finas como abrochar un bot\u00f3n<\/li><li>Movimientos involuntarios<\/li><li>Discapacidad intelectual<\/li><li>Desequilibrio del m\u00fasculo ocular<\/li><\/ul>\n\n\n\n<h2 class=\"wp-block-heading\"><strong>\u00bfC\u00f3mo es la vida para un ni\u00f1o con par\u00e1lisis cerebral?<\/strong><\/h2>\n\n\n\n<p>Ya que los s\u00edntomas y su gravedad var\u00edan, la vida es diferente para cada ni\u00f1o con par\u00e1lisis cerebral. Sin embargo, <a href=\"https:\/\/www.cdc.gov\/ncbddd\/cp\/features\/cerebral-palsy-11-things.html#:~:text=Cerebral%20palsy%20(CP)%20is%20a,Disabilities%20Monitoring%20(ADDM)%20Network.\">casi la mitad<\/a> de los ni\u00f1os con par\u00e1lisis son capaces de caminar de manera independiente.<\/p>\n\n\n\n<p>Las afecciones secundarias son comunes en los ni\u00f1os con discapacidad y tienen gran impacto en su calidad de vida. Algunas de las m\u00e1s comunes son la epilepsia, autismo, problemas digestivos, sordera y ceguera.<\/p>\n\n\n\n<p>La par\u00e1lisis cerebral es una discapacidad muy cara. En promedio cuesta <a href=\"https:\/\/www.cerebralpalsyguidance.com\/cerebral-palsy\/research\/facts-and-statistics\/#:~:text=Around%20764%2C000%20people%20in%20the,with%20cerebral%20palsy%20each%20year.\">casi $1 mill\u00f3n de d\u00f3lares<\/a> tratar esta discapacidad durante toda la vida del ni\u00f1o, y los costos m\u00e9dicos son <a href=\"https:\/\/www.cerebralpalsyguidance.com\/cerebral-palsy\/research\/facts-and-statistics\/#:~:text=Around%20764%2C000%20people%20in%20the,with%20cerebral%20palsy%20each%20year.\">10 veces m\u00e1s altos<\/a> para un ni\u00f1o con par\u00e1lisis que para un ni\u00f1o sin par\u00e1lisis.<\/p>\n\n\n\n<p>A pesar de que no hay cura para esta condici\u00f3n, con el tratamiento adecuado, apoyo y terapia, los ni\u00f1os y con discapacidad pueden tener una vida sana, productiva y plena.<\/p>\n","protected":false},"excerpt":{"rendered":"<p>Aproximadamente 1 de cada 345 ni\u00f1os tiene par\u00e1lisis cerebral. Comprender la par\u00e1lisis cerebral puede ayudar a la familia y amigos a brindar el mejor cuidado y apoyo posible al ni\u00f1o.<\/p>\n","protected":false},"author":5,"featured_media":20103,"comment_status":"closed","ping_status":"open","sticky":false,"template":"","format":"standard","meta":{"pgc_sgb_lightbox_settings":"","footnotes":""},"categories":[10,11,5],"tags":[],"yst_prominent_words":[],"acf":[],"_links":{"self":[{"href":"https:\/\/critusa.org\/es\/wp-json\/wp\/v2\/posts\/20098"}],"collection":[{"href":"https:\/\/critusa.org\/es\/wp-json\/wp\/v2\/posts"}],"about":[{"href":"https:\/\/critusa.org\/es\/wp-json\/wp\/v2\/types\/post"}],"author":[{"embeddable":true,"href":"https:\/\/critusa.org\/es\/wp-json\/wp\/v2\/users\/5"}],"replies":[{"embeddable":true,"href":"https:\/\/critusa.org\/es\/wp-json\/wp\/v2\/comments?post=20098"}],"version-history":[{"count":5,"href":"https:\/\/critusa.org\/es\/wp-json\/wp\/v2\/posts\/20098\/revisions"}],"predecessor-version":[{"id":20109,"href":"https:\/\/critusa.org\/es\/wp-json\/wp\/v2\/posts\/20098\/revisions\/20109"}],"wp:featuredmedia":[{"embeddable":true,"href":"https:\/\/critusa.org\/es\/wp-json\/wp\/v2\/media\/20103"}],"wp:attachment":[{"href":"https:\/\/critusa.org\/es\/wp-json\/wp\/v2\/media?parent=20098"}],"wp:term":[{"taxonomy":"category","embeddable":true,"href":"https:\/\/critusa.org\/es\/wp-json\/wp\/v2\/categories?post=20098"},{"taxonomy":"post_tag","embeddable":true,"href":"https:\/\/critusa.org\/es\/wp-json\/wp\/v2\/tags?post=20098"},{"taxonomy":"yst_prominent_words","embeddable":true,"href":"https:\/\/critusa.org\/es\/wp-json\/wp\/v2\/yst_prominent_words?post=20098"}],"curies":[{"name":"wp","href":"https:\/\/api.w.org\/{rel}","templated":true}]}}